[{"@context":"https:\/\/schema.org\/","@type":"Article","@id":"https:\/\/www.charismo.cz\/pocatky-instagramu-a-jeho-zakladatele\/#Article","mainEntityOfPage":"https:\/\/www.charismo.cz\/pocatky-instagramu-a-jeho-zakladatele\/","headline":"Po\u010d\u00e1tky Instagramu a jeho zakladatele","name":"Po\u010d\u00e1tky Instagramu a jeho zakladatele","description":"Instagram je nej&Atilde;&ordm;sp&Auml;&#8250;&Aring;&iexcl;n&Auml;&#8250;j&Aring;&iexcl;&Atilde;&shy;, nejzn&Atilde;&iexcl;m&Auml;&#8250;j&Aring;&iexcl;&Atilde;&shy; a nejpou&Aring;&frac34;&Atilde;&shy;van&Auml;&#8250;j&Aring;&iexcl;&Atilde;&shy; mobiln&Atilde;&shy; aplikace na nahr&Atilde;&iexcl;v&Atilde;&iexcl;n&Atilde;&shy; a sd&Atilde;&shy;len&Atilde;&shy; fotografi&Atilde;&shy;. M&Aring;&macr;&Aring;&frac34;e se zd&Atilde;&iexcl;t, &Aring;&frac34;e tento extr&Atilde;&copy;mn&Auml;&#8250; &Atilde;&ordm;sp&Auml;&#8250;&Aring;&iexcl;n&Atilde;&frac12; projekt zjevil jako blesk z &Auml;ist&Atilde;&copy;ho nebe, p&Aring;&#8482;es noc se stal hv&Auml;&#8250;zdou a okam&Aring;&frac34;it&Auml;&#8250; vynesl jeho zakladatel&Aring;&macr;m spoustu pen&Auml;&#8250;z. Tak to ale v&Aring;&macr;bec nen&Atilde;&shy;. Za &Atilde;&ordm;sp&Auml;&#8250;chem stoj&Atilde;&shy; hodn&Auml;&#8250; pr&Atilde;&iexcl;ce, zklam&Atilde;&iexcl;n&Atilde;&shy; i poho&Aring;&#8482;en&Atilde;&shy;. Pod&Atilde;&shy;vejme se tedy,&hellip;","datePublished":"2018-11-27","dateModified":"2023-10-04","author":{"@type":"Person","@id":"https:\/\/www.charismo.cz\/author\/#Person","name":"","url":"https:\/\/www.charismo.cz\/author\/","identifier":1,"image":{"@type":"ImageObject","@id":"https:\/\/secure.gravatar.com\/avatar\/430c037ced90dcf4c538a5d7a160d8585497a2f79eed537d1a43f74320df11c6?s=96&d=mm&r=g","url":"https:\/\/secure.gravatar.com\/avatar\/430c037ced90dcf4c538a5d7a160d8585497a2f79eed537d1a43f74320df11c6?s=96&d=mm&r=g","height":96,"width":96}},"publisher":{"@type":"Organization","name":"charismo.cz","logo":{"@type":"ImageObject","@id":"\/logo.png","url":"\/logo.png","width":600,"height":60}},"image":{"@type":"ImageObject","@id":"https:\/\/www.charismo.cz\/wp-content\/uploads\/img_a335193_w2366_t1548604851.jpg","url":"https:\/\/www.charismo.cz\/wp-content\/uploads\/img_a335193_w2366_t1548604851.jpg","height":0,"width":0},"url":"https:\/\/www.charismo.cz\/pocatky-instagramu-a-jeho-zakladatele\/","about":["Www"],"wordCount":826,"articleBody":" Instagram je nej&Atilde;&ordm;sp&Auml;&#8250;&Aring;&iexcl;n&Auml;&#8250;j&Aring;&iexcl;&Atilde;&shy;, nejzn&Atilde;&iexcl;m&Auml;&#8250;j&Aring;&iexcl;&Atilde;&shy; a nejpou&Aring;&frac34;&Atilde;&shy;van&Auml;&#8250;j&Aring;&iexcl;&Atilde;&shy; mobiln&Atilde;&shy; aplikace na nahr&Atilde;&iexcl;v&Atilde;&iexcl;n&Atilde;&shy; a sd&Atilde;&shy;len&Atilde;&shy; fotografi&Atilde;&shy;. M&Aring;&macr;&Aring;&frac34;e se zd&Atilde;&iexcl;t, &Aring;&frac34;e tento extr&Atilde;&copy;mn&Auml;&#8250; &Atilde;&ordm;sp&Auml;&#8250;&Aring;&iexcl;n&Atilde;&frac12; projekt zjevil jako blesk z &Auml;ist&Atilde;&copy;ho nebe, p&Aring;&#8482;es noc se stal hv&Auml;&#8250;zdou a okam&Aring;&frac34;it&Auml;&#8250; vynesl jeho zakladatel&Aring;&macr;m spoustu pen&Auml;&#8250;z. Tak to ale v&Aring;&macr;bec nen&Atilde;&shy;. Za &Atilde;&ordm;sp&Auml;&#8250;chem stoj&Atilde;&shy; hodn&Auml;&#8250; pr&Atilde;&iexcl;ce, zklam&Atilde;&iexcl;n&Atilde;&shy; i poho&Aring;&#8482;en&Atilde;&shy;. Pod&Atilde;&shy;vejme se tedy, jak tato aplikace vznikla a kdo stoj&Atilde;&shy; za t&Atilde;&shy;m, &Aring;&frac34;e denn&Auml;&#8250; m&Aring;&macr;&Aring;&frac34;eme sd&Atilde;&shy;let &Auml;&Atilde;&iexcl;st sv&Atilde;&copy;ho &Aring;&frac34;ivota.  Ko&Aring;&#8482;eny slavn&Atilde;&copy; aplikace Kevin Systrom, jeden z p&Aring;&macr;vodn&Atilde;&shy;ch majitel&Aring;&macr; spole&Auml;nosti v roce 2006 &Atilde;&ordm;sp&Auml;&#8250;&Aring;&iexcl;n&Auml;&#8250; dokon&Auml;il studia na Stanfordu a pustil se do pr&Atilde;&iexcl;ce pro Google. Zde pracoval jako product marketing manager a zaru&Auml;en&Auml;&#8250; se tam nau&Auml;it skute&Auml;n&Auml;&#8250; hodn&Auml;&#8250;. Pracoval tam dva roky, kdy&Aring;&frac34; se rozhodl p&Aring;&#8482;ej&Atilde;&shy;t do startupu Nextstop a pr&Atilde;&iexcl;v&Auml;&#8250; tam dostal sv&Aring;&macr;j prvn&Atilde;&shy; samostatn&Atilde;&frac12; n&Atilde;&iexcl;pad, a to na program s n&Atilde;&iexcl;zvem Burbn. P&Aring;&#8482;edstavil ho dokonce i investor&Aring;&macr;m a z&Atilde;&shy;skal investici ve v&Atilde;&frac12;&Aring;&iexcl;i 500 tis&Atilde;&shy;c dolar&Aring;&macr;. Ale ne, z toho nevznikl jeden z nejslavn&Auml;&#8250;j&Aring;&iexcl;&Atilde;&shy;ch kolos&Aring;&macr; ve sv&Auml;&#8250;t&Auml;&#8250; soci&Atilde;&iexcl;ln&Atilde;&shy;ch s&Atilde;&shy;t&Atilde;&shy;.  Na vytvo&Aring;&#8482;en&Atilde;&shy; funguj&Atilde;&shy;c&Atilde;&shy; verze Burbn se pod&Atilde;&shy;lel i Mike Krieger, spoluzakladatel nejv&Atilde;&frac12;d&Auml;&#8250;le&Auml;n&Auml;&#8250;j&Aring;&iexcl;&Atilde;&shy; foto aplikace. Spole&Auml;n&Auml;&#8250; pracovali na p&Aring;&macr;vodn&Atilde;&shy; appce. Brzy ale zjistili, &Aring;&frac34;e kv&Aring;&macr;li sv&Atilde;&copy; komplikovanosti nebude fungovat. Rozhodli se tedy jen pro jednu jej&Atilde;&shy; funkci, a to fotografie. B&Auml;&#8250;hem jednoho t&Atilde;&frac12;dne vytvo&Aring;&#8482;ili dal&Aring;&iexcl;&Atilde;&shy; prototyp, bohu&Aring;&frac34;el op&Auml;&#8250;t nepou&Aring;&frac34;iteln&Atilde;&frac12;. I p&Aring;&#8482;es jejich snahy se st&Atilde;&iexcl;le jednalo o p&Aring;&#8482;&Atilde;&shy;li&Aring;&iexcl; slo&Aring;&frac34;it&Atilde;&frac12; program. Rozhodli se ho tedy je&Aring;&iexcl;t&Auml;&#8250; v&Atilde;&shy;ce zjednodu&Aring;&iexcl;it, a to pouze na nahr&Atilde;&iexcl;v&Atilde;&iexcl;n&Atilde;&shy; a sd&Atilde;&shy;len&Atilde;&shy; fotek. A&Aring;&frac34; tento prototyp dost&Atilde;&iexcl;v&Atilde;&iexcl; jm&Atilde;&copy;no Instagram a osm t&Atilde;&frac12;dn&Aring;&macr; od jeho stvo&Aring;&#8482;en&Atilde;&shy; je ofici&Atilde;&iexcl;ln&Auml;&#8250; spu&Aring;&iexcl;t&Auml;&#8250;n. Stalo se tak v &Aring;&#8482;&Atilde;&shy;jnu roku 2010. Aplikace se velice rychle stala obl&Atilde;&shy;benou a jej&Atilde;&shy; obl&Atilde;&shy;benost st&Atilde;&iexcl;le roste. V lednu 2011 se zav&Atilde;&iexcl;d&Atilde;&shy; hashtagy, bez kter&Atilde;&frac12;ch si to dnes u&Aring;&frac34; ani nedok&Atilde;&iexcl;&Aring;&frac34;eme p&Aring;&#8482;edstavit. A kdo vlastn&Atilde;&shy; spole&Auml;nost te&Auml;? Stejn&Auml;&#8250; jako mnoho dal&Aring;&iexcl;&Atilde;&shy;ch projekt&Aring;&macr;, startup&Aring;&macr; a spole&Auml;nost&Atilde;&shy; i tuto v roce 2012 koupil Facebook, a to za jednu miliardu dolar&Aring;&macr;. P&Aring;&#8482;i jej&Atilde;&shy; hodnot&Auml;&#8250; to nen&Atilde;&shy; v&Aring;&macr;bec vysok&Atilde;&iexcl; &Auml;&Atilde;&iexcl;stka, i kdy&Aring;&frac34; se to tak m&Aring;&macr;&Aring;&frac34;e zd&Atilde;&iexcl;t. A i tato skute&Auml;nost jist&Auml;&#8250; stoj&Atilde;&shy; za podobnost&Atilde;&shy; mezi Facebookem a Instagramem. V&Aring;&iexcl;imli jste si toho tak&Atilde;&copy;? A kolik &Auml;asu denn&Auml;&#8250; na soci&Atilde;&iexcl;ln&Atilde;&shy;ch s&Atilde;&shy;t&Atilde;&shy;ch str&Atilde;&iexcl;v&Atilde;&shy;te vy?                                                                                                                                                                                                                                                                                                                                                                                         4.2\/5 - (12 votes)        "},{"@context":"https:\/\/schema.org\/","@type":"BreadcrumbList","itemListElement":[{"@type":"ListItem","position":1,"name":"Po\u010d\u00e1tky Instagramu a jeho zakladatele","item":"https:\/\/www.charismo.cz\/pocatky-instagramu-a-jeho-zakladatele\/#breadcrumbitem"}]}]